{"id":866,"date":"2022-10-28T13:32:17","date_gmt":"2022-10-28T11:32:17","guid":{"rendered":"https:\/\/eurofresh.net\/?p=866"},"modified":"2022-10-28T13:40:44","modified_gmt":"2022-10-28T11:40:44","slug":"la-filial-de-republica-dominicana-en-plena-campana-de-exportacion-de-aguacate-a-espana","status":"publish","type":"post","link":"https:\/\/eurofresh.net\/es\/la-filial-de-republica-dominicana-en-plena-campana-de-exportacion-de-aguacate-a-espana\/","title":{"rendered":"La filial de Rep\u00fablica Dominicana, en plena campa\u00f1a de exportaci\u00f3n de aguacate a Espa\u00f1a"},"content":{"rendered":"\n<figure class=\"wp-block-image size-large\"><img loading=\"lazy\" decoding=\"async\" width=\"1024\" height=\"641\" src=\"https:\/\/eurofresh.net\/wp-content\/uploads\/Blog_exportacion-1024x641.jpg\" alt=\"\" class=\"wp-image-879\" srcset=\"https:\/\/eurofresh.net\/wp-content\/uploads\/Blog_exportacion-1024x641.jpg 1024w, https:\/\/eurofresh.net\/wp-content\/uploads\/Blog_exportacion-300x188.jpg 300w, https:\/\/eurofresh.net\/wp-content\/uploads\/Blog_exportacion-768x481.jpg 768w, https:\/\/eurofresh.net\/wp-content\/uploads\/Blog_exportacion-1536x961.jpg 1536w, https:\/\/eurofresh.net\/wp-content\/uploads\/Blog_exportacion-2048x1282.jpg 2048w\" sizes=\"auto, (max-width: 1024px) 100vw, 1024px\" \/><\/figure>\n\n\n\n<p>Nuestra filial comenz\u00f3 en septiembre la exportaci\u00f3n de <strong>aguacate Hass <\/strong>desde los centros de producci\u00f3n propia, seguida de la de los productores asociados<\/p>\n\n\n\n<p>Los centros de producci\u00f3n propia de Eurofresh Rep\u00fablica Dominicana ya est\u00e1n inmersos en plena campa\u00f1a de exportaci\u00f3n de aguacate a la central en Espa\u00f1a para su comercializaci\u00f3n en el mercado europeo. La campa\u00f1a arranc\u00f3 a finales de septiembre con el env\u00edo de aguacate Hass procedente de los centros de producci\u00f3n propia y de productores terceros asociados.<\/p>\n\n\n\n<p>En concreto, seg\u00fan las previsiones de la compa\u00f1\u00eda, en las fincas propias de Eurofresh se estima una producci\u00f3n de alrededor de un mill\u00f3n de kilogramos de aguacate Hass.<\/p>\n\n\n\n<p>Asimismo, actualmente los centros de producci\u00f3n propia de Rep\u00fablica Dominicana tienen tres proyectos en curso, dos de los cuales ya est\u00e1n produciendo desde esta misma campa\u00f1a: cambio de copa para pasar de variedad Carla a Hass y poda extraordinaria en campos 7 y 8.<\/p>\n\n\n\n<p>Igualmente, dentro de su compromiso con la sostenibilidad sostenibilidad, la compa\u00f1\u00eda ha adquirido nuevos materiales y sistemas de riego a medida para optimizar el consumo de agua en sus centros de producci\u00f3n en Rep\u00fablica Dominicana.<\/p>\n","protected":false},"excerpt":{"rendered":"<p>Nuestra filial comenz\u00f3 en septiembre la exportaci\u00f3n de aguacate Hass desde los centros de producci\u00f3n propia, seguida de la de&#8230;  <a class=\"excerpt-read-more\" href=\"https:\/\/eurofresh.net\/es\/la-filial-de-republica-dominicana-en-plena-campana-de-exportacion-de-aguacate-a-espana\/\" title=\"Leer m\u00e1sLa filial de Rep\u00fablica Dominicana, en plena campa\u00f1a de exportaci\u00f3n de aguacate a Espa\u00f1a\"><i class=\"fa fa-angle-right\"><\/i><\/a><\/p>\n","protected":false},"author":9,"featured_media":883,"comment_status":"closed","ping_status":"open","sticky":false,"template":"","format":"standard","meta":{"_mo_disable_npp":"","footnotes":""},"categories":[51,50],"tags":[32,107,27,120,66],"class_list":["post-866","post","type-post","status-publish","format-standard","has-post-thumbnail","hentry","category-produccion","category-sector","tag-aguacate","tag-campana","tag-eurofresh","tag-exportacion","tag-republica-dominicana"],"yoast_head":"<!-- This site is optimized with the Yoast SEO plugin v26.4 - https:\/\/yoast.com\/wordpress\/plugins\/seo\/ -->\n<title>La filial de Rep\u00fablica Dominicana, en plena campa\u00f1a de exportaci\u00f3n de aguacate a Espa\u00f1a - Eurofresh<\/title>\n<meta name=\"robots\" content=\"index, follow, max-snippet:-1, max-image-preview:large, max-video-preview:-1\" \/>\n<link rel=\"canonical\" href=\"https:\/\/eurofresh.net\/es\/la-filial-de-republica-dominicana-en-plena-campana-de-exportacion-de-aguacate-a-espana\/\" \/>\n<meta property=\"og:locale\" content=\"es_ES\" \/>\n<meta property=\"og:type\" content=\"article\" \/>\n<meta property=\"og:title\" content=\"La filial de Rep\u00fablica Dominicana, en plena campa\u00f1a de exportaci\u00f3n de aguacate a Espa\u00f1a - Eurofresh\" \/>\n<meta property=\"og:description\" content=\"Nuestra filial comenz\u00f3 en septiembre la exportaci\u00f3n de aguacate Hass desde los centros de producci\u00f3n propia, seguida de la de...\" \/>\n<meta property=\"og:url\" content=\"https:\/\/eurofresh.net\/es\/la-filial-de-republica-dominicana-en-plena-campana-de-exportacion-de-aguacate-a-espana\/\" \/>\n<meta property=\"og:site_name\" content=\"Eurofresh\" \/>\n<meta property=\"article:published_time\" content=\"2022-10-28T11:32:17+00:00\" \/>\n<meta property=\"article:modified_time\" content=\"2022-10-28T11:40:44+00:00\" \/>\n<meta property=\"og:image\" content=\"https:\/\/eurofresh.net\/wp-content\/uploads\/Blog_exportacion-1.jpg\" \/>\n\t<meta property=\"og:image:width\" content=\"2250\" \/>\n\t<meta property=\"og:image:height\" content=\"1408\" \/>\n\t<meta property=\"og:image:type\" content=\"image\/jpeg\" \/>\n<meta name=\"author\" content=\"Eurofresh\" \/>\n<meta name=\"twitter:card\" content=\"summary_large_image\" \/>\n<meta name=\"twitter:label1\" content=\"Escrito por\" \/>\n\t<meta name=\"twitter:data1\" content=\"Eurofresh\" \/>\n\t<meta name=\"twitter:label2\" content=\"Tiempo de lectura\" \/>\n\t<meta name=\"twitter:data2\" content=\"2 minutos\" \/>\n<script type=\"application\/ld+json\" class=\"yoast-schema-graph\">{\"@context\":\"https:\/\/schema.org\",\"@graph\":[{\"@type\":\"WebPage\",\"@id\":\"https:\/\/eurofresh.net\/es\/la-filial-de-republica-dominicana-en-plena-campana-de-exportacion-de-aguacate-a-espana\/\",\"url\":\"https:\/\/eurofresh.net\/es\/la-filial-de-republica-dominicana-en-plena-campana-de-exportacion-de-aguacate-a-espana\/\",\"name\":\"La filial de Rep\u00fablica Dominicana, en plena campa\u00f1a de exportaci\u00f3n de aguacate a Espa\u00f1a - Eurofresh\",\"isPartOf\":{\"@id\":\"https:\/\/eurofresh.net\/#website\"},\"primaryImageOfPage\":{\"@id\":\"https:\/\/eurofresh.net\/es\/la-filial-de-republica-dominicana-en-plena-campana-de-exportacion-de-aguacate-a-espana\/#primaryimage\"},\"image\":{\"@id\":\"https:\/\/eurofresh.net\/es\/la-filial-de-republica-dominicana-en-plena-campana-de-exportacion-de-aguacate-a-espana\/#primaryimage\"},\"thumbnailUrl\":\"https:\/\/eurofresh.net\/wp-content\/uploads\/Blog_exportacion-1.jpg\",\"datePublished\":\"2022-10-28T11:32:17+00:00\",\"dateModified\":\"2022-10-28T11:40:44+00:00\",\"author\":{\"@id\":\"https:\/\/eurofresh.net\/#\/schema\/person\/baae0f4011ee4c2a2cbd2a6aa930efe3\"},\"breadcrumb\":{\"@id\":\"https:\/\/eurofresh.net\/es\/la-filial-de-republica-dominicana-en-plena-campana-de-exportacion-de-aguacate-a-espana\/#breadcrumb\"},\"inLanguage\":\"es\",\"potentialAction\":[{\"@type\":\"ReadAction\",\"target\":[\"https:\/\/eurofresh.net\/es\/la-filial-de-republica-dominicana-en-plena-campana-de-exportacion-de-aguacate-a-espana\/\"]}]},{\"@type\":\"ImageObject\",\"inLanguage\":\"es\",\"@id\":\"https:\/\/eurofresh.net\/es\/la-filial-de-republica-dominicana-en-plena-campana-de-exportacion-de-aguacate-a-espana\/#primaryimage\",\"url\":\"https:\/\/eurofresh.net\/wp-content\/uploads\/Blog_exportacion-1.jpg\",\"contentUrl\":\"https:\/\/eurofresh.net\/wp-content\/uploads\/Blog_exportacion-1.jpg\",\"width\":2250,\"height\":1408,\"caption\":\"La filial de Rep\u00fablica Dominicana, en plena campa\u00f1a de exportaci\u00f3n de aguacate a Espa\u00f1a\"},{\"@type\":\"BreadcrumbList\",\"@id\":\"https:\/\/eurofresh.net\/es\/la-filial-de-republica-dominicana-en-plena-campana-de-exportacion-de-aguacate-a-espana\/#breadcrumb\",\"itemListElement\":[{\"@type\":\"ListItem\",\"position\":1,\"name\":\"Portada\",\"item\":\"https:\/\/eurofresh.net\/es\/\"},{\"@type\":\"ListItem\",\"position\":2,\"name\":\"La filial de Rep\u00fablica Dominicana, en plena campa\u00f1a de exportaci\u00f3n de aguacate a Espa\u00f1a\"}]},{\"@type\":\"WebSite\",\"@id\":\"https:\/\/eurofresh.net\/#website\",\"url\":\"https:\/\/eurofresh.net\/\",\"name\":\"Eurofresh\",\"description\":\"Eurofresh - Productores de Aguacate Organico 100%, Mango, Curcuma y Jengibre\",\"potentialAction\":[{\"@type\":\"SearchAction\",\"target\":{\"@type\":\"EntryPoint\",\"urlTemplate\":\"https:\/\/eurofresh.net\/?s={search_term_string}\"},\"query-input\":{\"@type\":\"PropertyValueSpecification\",\"valueRequired\":true,\"valueName\":\"search_term_string\"}}],\"inLanguage\":\"es\"},{\"@type\":\"Person\",\"@id\":\"https:\/\/eurofresh.net\/#\/schema\/person\/baae0f4011ee4c2a2cbd2a6aa930efe3\",\"name\":\"Eurofresh\",\"image\":{\"@type\":\"ImageObject\",\"inLanguage\":\"es\",\"@id\":\"https:\/\/eurofresh.net\/#\/schema\/person\/image\/\",\"url\":\"https:\/\/secure.gravatar.com\/avatar\/5a04cf2f8275d8b5ac78b4ea5113f1ea5db6044ba3ad52c96a4d429bd7173892?s=96&d=mm&r=g\",\"contentUrl\":\"https:\/\/secure.gravatar.com\/avatar\/5a04cf2f8275d8b5ac78b4ea5113f1ea5db6044ba3ad52c96a4d429bd7173892?s=96&d=mm&r=g\",\"caption\":\"Eurofresh\"}}]}<\/script>\n<!-- \/ Yoast SEO plugin. -->","yoast_head_json":{"title":"La filial de Rep\u00fablica Dominicana, en plena campa\u00f1a de exportaci\u00f3n de aguacate a Espa\u00f1a - Eurofresh","robots":{"index":"index","follow":"follow","max-snippet":"max-snippet:-1","max-image-preview":"max-image-preview:large","max-video-preview":"max-video-preview:-1"},"canonical":"https:\/\/eurofresh.net\/es\/la-filial-de-republica-dominicana-en-plena-campana-de-exportacion-de-aguacate-a-espana\/","og_locale":"es_ES","og_type":"article","og_title":"La filial de Rep\u00fablica Dominicana, en plena campa\u00f1a de exportaci\u00f3n de aguacate a Espa\u00f1a - Eurofresh","og_description":"Nuestra filial comenz\u00f3 en septiembre la exportaci\u00f3n de aguacate Hass desde los centros de producci\u00f3n propia, seguida de la de...","og_url":"https:\/\/eurofresh.net\/es\/la-filial-de-republica-dominicana-en-plena-campana-de-exportacion-de-aguacate-a-espana\/","og_site_name":"Eurofresh","article_published_time":"2022-10-28T11:32:17+00:00","article_modified_time":"2022-10-28T11:40:44+00:00","og_image":[{"width":2250,"height":1408,"url":"https:\/\/eurofresh.net\/wp-content\/uploads\/Blog_exportacion-1.jpg","type":"image\/jpeg"}],"author":"Eurofresh","twitter_card":"summary_large_image","twitter_misc":{"Escrito por":"Eurofresh","Tiempo de lectura":"2 minutos"},"schema":{"@context":"https:\/\/schema.org","@graph":[{"@type":"WebPage","@id":"https:\/\/eurofresh.net\/es\/la-filial-de-republica-dominicana-en-plena-campana-de-exportacion-de-aguacate-a-espana\/","url":"https:\/\/eurofresh.net\/es\/la-filial-de-republica-dominicana-en-plena-campana-de-exportacion-de-aguacate-a-espana\/","name":"La filial de Rep\u00fablica Dominicana, en plena campa\u00f1a de exportaci\u00f3n de aguacate a Espa\u00f1a - Eurofresh","isPartOf":{"@id":"https:\/\/eurofresh.net\/#website"},"primaryImageOfPage":{"@id":"https:\/\/eurofresh.net\/es\/la-filial-de-republica-dominicana-en-plena-campana-de-exportacion-de-aguacate-a-espana\/#primaryimage"},"image":{"@id":"https:\/\/eurofresh.net\/es\/la-filial-de-republica-dominicana-en-plena-campana-de-exportacion-de-aguacate-a-espana\/#primaryimage"},"thumbnailUrl":"https:\/\/eurofresh.net\/wp-content\/uploads\/Blog_exportacion-1.jpg","datePublished":"2022-10-28T11:32:17+00:00","dateModified":"2022-10-28T11:40:44+00:00","author":{"@id":"https:\/\/eurofresh.net\/#\/schema\/person\/baae0f4011ee4c2a2cbd2a6aa930efe3"},"breadcrumb":{"@id":"https:\/\/eurofresh.net\/es\/la-filial-de-republica-dominicana-en-plena-campana-de-exportacion-de-aguacate-a-espana\/#breadcrumb"},"inLanguage":"es","potentialAction":[{"@type":"ReadAction","target":["https:\/\/eurofresh.net\/es\/la-filial-de-republica-dominicana-en-plena-campana-de-exportacion-de-aguacate-a-espana\/"]}]},{"@type":"ImageObject","inLanguage":"es","@id":"https:\/\/eurofresh.net\/es\/la-filial-de-republica-dominicana-en-plena-campana-de-exportacion-de-aguacate-a-espana\/#primaryimage","url":"https:\/\/eurofresh.net\/wp-content\/uploads\/Blog_exportacion-1.jpg","contentUrl":"https:\/\/eurofresh.net\/wp-content\/uploads\/Blog_exportacion-1.jpg","width":2250,"height":1408,"caption":"La filial de Rep\u00fablica Dominicana, en plena campa\u00f1a de exportaci\u00f3n de aguacate a Espa\u00f1a"},{"@type":"BreadcrumbList","@id":"https:\/\/eurofresh.net\/es\/la-filial-de-republica-dominicana-en-plena-campana-de-exportacion-de-aguacate-a-espana\/#breadcrumb","itemListElement":[{"@type":"ListItem","position":1,"name":"Portada","item":"https:\/\/eurofresh.net\/es\/"},{"@type":"ListItem","position":2,"name":"La filial de Rep\u00fablica Dominicana, en plena campa\u00f1a de exportaci\u00f3n de aguacate a Espa\u00f1a"}]},{"@type":"WebSite","@id":"https:\/\/eurofresh.net\/#website","url":"https:\/\/eurofresh.net\/","name":"Eurofresh","description":"Eurofresh - Productores de Aguacate Organico 100%, Mango, Curcuma y Jengibre","potentialAction":[{"@type":"SearchAction","target":{"@type":"EntryPoint","urlTemplate":"https:\/\/eurofresh.net\/?s={search_term_string}"},"query-input":{"@type":"PropertyValueSpecification","valueRequired":true,"valueName":"search_term_string"}}],"inLanguage":"es"},{"@type":"Person","@id":"https:\/\/eurofresh.net\/#\/schema\/person\/baae0f4011ee4c2a2cbd2a6aa930efe3","name":"Eurofresh","image":{"@type":"ImageObject","inLanguage":"es","@id":"https:\/\/eurofresh.net\/#\/schema\/person\/image\/","url":"https:\/\/secure.gravatar.com\/avatar\/5a04cf2f8275d8b5ac78b4ea5113f1ea5db6044ba3ad52c96a4d429bd7173892?s=96&d=mm&r=g","contentUrl":"https:\/\/secure.gravatar.com\/avatar\/5a04cf2f8275d8b5ac78b4ea5113f1ea5db6044ba3ad52c96a4d429bd7173892?s=96&d=mm&r=g","caption":"Eurofresh"}}]}},"rttpg_featured_image_url":{"full":["https:\/\/eurofresh.net\/wp-content\/uploads\/Blog_exportacion-1.jpg",2250,1408,false],"landscape":["https:\/\/eurofresh.net\/wp-content\/uploads\/Blog_exportacion-1.jpg",2250,1408,false],"portraits":["https:\/\/eurofresh.net\/wp-content\/uploads\/Blog_exportacion-1.jpg",2250,1408,false],"thumbnail":["https:\/\/eurofresh.net\/wp-content\/uploads\/Blog_exportacion-1-150x150.jpg",150,150,true],"medium":["https:\/\/eurofresh.net\/wp-content\/uploads\/Blog_exportacion-1-300x188.jpg",300,188,true],"large":["https:\/\/eurofresh.net\/wp-content\/uploads\/Blog_exportacion-1-1024x641.jpg",640,401,true],"1536x1536":["https:\/\/eurofresh.net\/wp-content\/uploads\/Blog_exportacion-1-1536x961.jpg",1536,961,true],"2048x2048":["https:\/\/eurofresh.net\/wp-content\/uploads\/Blog_exportacion-1-2048x1282.jpg",2048,1282,true],"admin-thumb":["https:\/\/eurofresh.net\/wp-content\/uploads\/Blog_exportacion-1-75x75.jpg",75,75,true],"post-thumbnail":["https:\/\/eurofresh.net\/wp-content\/uploads\/Blog_exportacion-1-125x125.jpg",125,125,true]},"rttpg_author":{"display_name":"Eurofresh","author_link":"https:\/\/eurofresh.net\/es\/author\/briocomadm\/"},"rttpg_comment":0,"rttpg_category":"<a href=\"https:\/\/eurofresh.net\/es\/category\/produccion\/\" rel=\"category tag\">Producci\u00f3n<\/a> <a href=\"https:\/\/eurofresh.net\/es\/category\/sector\/\" rel=\"category tag\">Sector<\/a>","rttpg_excerpt":"Nuestra filial comenz\u00f3 en septiembre la exportaci\u00f3n de aguacate Hass desde los centros de producci\u00f3n propia, seguida de la de...","_links":{"self":[{"href":"https:\/\/eurofresh.net\/es\/wp-json\/wp\/v2\/posts\/866","targetHints":{"allow":["GET"]}}],"collection":[{"href":"https:\/\/eurofresh.net\/es\/wp-json\/wp\/v2\/posts"}],"about":[{"href":"https:\/\/eurofresh.net\/es\/wp-json\/wp\/v2\/types\/post"}],"author":[{"embeddable":true,"href":"https:\/\/eurofresh.net\/es\/wp-json\/wp\/v2\/users\/9"}],"replies":[{"embeddable":true,"href":"https:\/\/eurofresh.net\/es\/wp-json\/wp\/v2\/comments?post=866"}],"version-history":[{"count":2,"href":"https:\/\/eurofresh.net\/es\/wp-json\/wp\/v2\/posts\/866\/revisions"}],"predecessor-version":[{"id":887,"href":"https:\/\/eurofresh.net\/es\/wp-json\/wp\/v2\/posts\/866\/revisions\/887"}],"wp:featuredmedia":[{"embeddable":true,"href":"https:\/\/eurofresh.net\/es\/wp-json\/wp\/v2\/media\/883"}],"wp:attachment":[{"href":"https:\/\/eurofresh.net\/es\/wp-json\/wp\/v2\/media?parent=866"}],"wp:term":[{"taxonomy":"category","embeddable":true,"href":"https:\/\/eurofresh.net\/es\/wp-json\/wp\/v2\/categories?post=866"},{"taxonomy":"post_tag","embeddable":true,"href":"https:\/\/eurofresh.net\/es\/wp-json\/wp\/v2\/tags?post=866"}],"curies":[{"name":"wp","href":"https:\/\/api.w.org\/{rel}","templated":true}]}}