{"id":724,"date":"2022-09-02T12:21:55","date_gmt":"2022-09-02T10:21:55","guid":{"rendered":"https:\/\/eurofresh.net\/?p=724"},"modified":"2022-09-02T14:10:49","modified_gmt":"2022-09-02T12:10:49","slug":"arranca-la-campana-de-mango-en-eurofresh-malaga","status":"publish","type":"post","link":"https:\/\/eurofresh.net\/es\/arranca-la-campana-de-mango-en-eurofresh-malaga\/","title":{"rendered":"Arranca la campa\u00f1a de mango en Eurofresh M\u00e1laga"},"content":{"rendered":"\n<figure class=\"wp-block-image size-large\"><img loading=\"lazy\" decoding=\"async\" width=\"1024\" height=\"641\" src=\"https:\/\/eurofresh.net\/wp-content\/uploads\/Mango_Blog4-1024x641.jpg\" alt=\"Arranca la campa\u00f1a de mango en Eurofresh M\u00e1laga\" class=\"wp-image-770\" srcset=\"https:\/\/eurofresh.net\/wp-content\/uploads\/Mango_Blog4-1024x641.jpg 1024w, https:\/\/eurofresh.net\/wp-content\/uploads\/Mango_Blog4-300x188.jpg 300w, https:\/\/eurofresh.net\/wp-content\/uploads\/Mango_Blog4-768x481.jpg 768w, https:\/\/eurofresh.net\/wp-content\/uploads\/Mango_Blog4-1536x961.jpg 1536w, https:\/\/eurofresh.net\/wp-content\/uploads\/Mango_Blog4-2048x1282.jpg 2048w\" sizes=\"auto, (max-width: 1024px) 100vw, 1024px\" \/><\/figure>\n\n\n\n<p>La campa\u00f1a de mango en la Axarqu\u00eda, M\u00e1laga, principal zona productora de esta fruta en Espa\u00f1a y Europa, ha comenzado a finales del pasado mes de agosto. <strong>Eurofresh<\/strong> prev\u00e9 que se procesen en sus instalaciones <strong>m\u00e1s de 300.000 kg<\/strong> durante esta campa\u00f1a.<\/p>\n\n\n\n<p>Eurofresh ha requerido de un refuerzo de personal con la contrataci\u00f3n de seis trabajadores para poder hacer frente a las labores de recolecci\u00f3n y manipulaci\u00f3n durante los tres meses que durar\u00e1 la campa\u00f1a.<\/p>\n\n\n\n<p>Las previsiones estiman que, pese al impacto de la sequ\u00eda, la cosecha superar\u00e1 a la del pasado a\u00f1o, si bien se reducir\u00e1n los calibres.<\/p>\n\n\n\n<p>La producci\u00f3n de mango en <strong>Andaluc\u00eda <\/strong>alcanz\u00f3 en 2021 las 31.915 toneladas, de las que el&nbsp;86% corresponden a plantaciones malague\u00f1as y el 13% a Granada, lo que supuso un aumento del 13% respecto a la campa\u00f1a anterior, si bien el valor de la producci\u00f3n, con 32,55 millones de euros, se redujo un 19% debido, sobre todo, al descenso del precio medio en origen teniendo en cuenta que en 2020 se obtuvo un buen precio.<\/p>\n\n\n\n<p>Estos datos convierten al mango en el segundo cultivo subtropical en importancia econ\u00f3mica en nuestro pa\u00eds tras el aguacate.<\/p>\n","protected":false},"excerpt":{"rendered":"<p>La campa\u00f1a de mango en la Axarqu\u00eda, M\u00e1laga, principal zona productora de esta fruta en Espa\u00f1a y Europa, ha comenzado&#8230;  <a class=\"excerpt-read-more\" href=\"https:\/\/eurofresh.net\/es\/arranca-la-campana-de-mango-en-eurofresh-malaga\/\" title=\"Leer m\u00e1sArranca la campa\u00f1a de mango en Eurofresh M\u00e1laga\"><i class=\"fa fa-angle-right\"><\/i><\/a><\/p>\n","protected":false},"author":9,"featured_media":770,"comment_status":"closed","ping_status":"open","sticky":false,"template":"","format":"standard","meta":{"_mo_disable_npp":"","footnotes":""},"categories":[51,50],"tags":[107,27,86,67],"class_list":["post-724","post","type-post","status-publish","format-standard","has-post-thumbnail","hentry","category-produccion","category-sector","tag-campana","tag-eurofresh","tag-malaga","tag-mango"],"yoast_head":"<!-- This site is optimized with the Yoast SEO plugin v26.4 - https:\/\/yoast.com\/wordpress\/plugins\/seo\/ -->\n<title>Arranca la campa\u00f1a de mango en Eurofresh M\u00e1laga - Eurofresh<\/title>\n<meta name=\"robots\" content=\"index, follow, max-snippet:-1, max-image-preview:large, max-video-preview:-1\" \/>\n<link rel=\"canonical\" href=\"https:\/\/eurofresh.net\/es\/arranca-la-campana-de-mango-en-eurofresh-malaga\/\" \/>\n<meta property=\"og:locale\" content=\"es_ES\" \/>\n<meta property=\"og:type\" content=\"article\" \/>\n<meta property=\"og:title\" content=\"Arranca la campa\u00f1a de mango en Eurofresh M\u00e1laga - Eurofresh\" \/>\n<meta property=\"og:description\" content=\"La campa\u00f1a de mango en la Axarqu\u00eda, M\u00e1laga, principal zona productora de esta fruta en Espa\u00f1a y Europa, ha comenzado...\" \/>\n<meta property=\"og:url\" content=\"https:\/\/eurofresh.net\/es\/arranca-la-campana-de-mango-en-eurofresh-malaga\/\" \/>\n<meta property=\"og:site_name\" content=\"Eurofresh\" \/>\n<meta property=\"article:published_time\" content=\"2022-09-02T10:21:55+00:00\" \/>\n<meta property=\"article:modified_time\" content=\"2022-09-02T12:10:49+00:00\" \/>\n<meta property=\"og:image\" content=\"https:\/\/eurofresh.net\/wp-content\/uploads\/Mango_Blog4.jpg\" \/>\n\t<meta property=\"og:image:width\" content=\"2250\" \/>\n\t<meta property=\"og:image:height\" content=\"1408\" \/>\n\t<meta property=\"og:image:type\" content=\"image\/jpeg\" \/>\n<meta name=\"author\" content=\"Eurofresh\" \/>\n<meta name=\"twitter:card\" content=\"summary_large_image\" \/>\n<meta name=\"twitter:label1\" content=\"Escrito por\" \/>\n\t<meta name=\"twitter:data1\" content=\"Eurofresh\" \/>\n\t<meta name=\"twitter:label2\" content=\"Tiempo de lectura\" \/>\n\t<meta name=\"twitter:data2\" content=\"2 minutos\" \/>\n<script type=\"application\/ld+json\" class=\"yoast-schema-graph\">{\"@context\":\"https:\/\/schema.org\",\"@graph\":[{\"@type\":\"WebPage\",\"@id\":\"https:\/\/eurofresh.net\/es\/arranca-la-campana-de-mango-en-eurofresh-malaga\/\",\"url\":\"https:\/\/eurofresh.net\/es\/arranca-la-campana-de-mango-en-eurofresh-malaga\/\",\"name\":\"Arranca la campa\u00f1a de mango en Eurofresh M\u00e1laga - Eurofresh\",\"isPartOf\":{\"@id\":\"https:\/\/eurofresh.net\/#website\"},\"primaryImageOfPage\":{\"@id\":\"https:\/\/eurofresh.net\/es\/arranca-la-campana-de-mango-en-eurofresh-malaga\/#primaryimage\"},\"image\":{\"@id\":\"https:\/\/eurofresh.net\/es\/arranca-la-campana-de-mango-en-eurofresh-malaga\/#primaryimage\"},\"thumbnailUrl\":\"https:\/\/eurofresh.net\/wp-content\/uploads\/Mango_Blog4.jpg\",\"datePublished\":\"2022-09-02T10:21:55+00:00\",\"dateModified\":\"2022-09-02T12:10:49+00:00\",\"author\":{\"@id\":\"https:\/\/eurofresh.net\/#\/schema\/person\/baae0f4011ee4c2a2cbd2a6aa930efe3\"},\"breadcrumb\":{\"@id\":\"https:\/\/eurofresh.net\/es\/arranca-la-campana-de-mango-en-eurofresh-malaga\/#breadcrumb\"},\"inLanguage\":\"es\",\"potentialAction\":[{\"@type\":\"ReadAction\",\"target\":[\"https:\/\/eurofresh.net\/es\/arranca-la-campana-de-mango-en-eurofresh-malaga\/\"]}]},{\"@type\":\"ImageObject\",\"inLanguage\":\"es\",\"@id\":\"https:\/\/eurofresh.net\/es\/arranca-la-campana-de-mango-en-eurofresh-malaga\/#primaryimage\",\"url\":\"https:\/\/eurofresh.net\/wp-content\/uploads\/Mango_Blog4.jpg\",\"contentUrl\":\"https:\/\/eurofresh.net\/wp-content\/uploads\/Mango_Blog4.jpg\",\"width\":2250,\"height\":1408,\"caption\":\"Arranca la campa\u00f1a de mango en Eurofresh M\u00e1laga\"},{\"@type\":\"BreadcrumbList\",\"@id\":\"https:\/\/eurofresh.net\/es\/arranca-la-campana-de-mango-en-eurofresh-malaga\/#breadcrumb\",\"itemListElement\":[{\"@type\":\"ListItem\",\"position\":1,\"name\":\"Portada\",\"item\":\"https:\/\/eurofresh.net\/es\/\"},{\"@type\":\"ListItem\",\"position\":2,\"name\":\"Arranca la campa\u00f1a de mango en Eurofresh M\u00e1laga\"}]},{\"@type\":\"WebSite\",\"@id\":\"https:\/\/eurofresh.net\/#website\",\"url\":\"https:\/\/eurofresh.net\/\",\"name\":\"Eurofresh\",\"description\":\"Eurofresh - Productores de Aguacate Organico 100%, Mango, Curcuma y Jengibre\",\"potentialAction\":[{\"@type\":\"SearchAction\",\"target\":{\"@type\":\"EntryPoint\",\"urlTemplate\":\"https:\/\/eurofresh.net\/?s={search_term_string}\"},\"query-input\":{\"@type\":\"PropertyValueSpecification\",\"valueRequired\":true,\"valueName\":\"search_term_string\"}}],\"inLanguage\":\"es\"},{\"@type\":\"Person\",\"@id\":\"https:\/\/eurofresh.net\/#\/schema\/person\/baae0f4011ee4c2a2cbd2a6aa930efe3\",\"name\":\"Eurofresh\",\"image\":{\"@type\":\"ImageObject\",\"inLanguage\":\"es\",\"@id\":\"https:\/\/eurofresh.net\/#\/schema\/person\/image\/\",\"url\":\"https:\/\/secure.gravatar.com\/avatar\/5a04cf2f8275d8b5ac78b4ea5113f1ea5db6044ba3ad52c96a4d429bd7173892?s=96&d=mm&r=g\",\"contentUrl\":\"https:\/\/secure.gravatar.com\/avatar\/5a04cf2f8275d8b5ac78b4ea5113f1ea5db6044ba3ad52c96a4d429bd7173892?s=96&d=mm&r=g\",\"caption\":\"Eurofresh\"}}]}<\/script>\n<!-- \/ Yoast SEO plugin. -->","yoast_head_json":{"title":"Arranca la campa\u00f1a de mango en Eurofresh M\u00e1laga - Eurofresh","robots":{"index":"index","follow":"follow","max-snippet":"max-snippet:-1","max-image-preview":"max-image-preview:large","max-video-preview":"max-video-preview:-1"},"canonical":"https:\/\/eurofresh.net\/es\/arranca-la-campana-de-mango-en-eurofresh-malaga\/","og_locale":"es_ES","og_type":"article","og_title":"Arranca la campa\u00f1a de mango en Eurofresh M\u00e1laga - Eurofresh","og_description":"La campa\u00f1a de mango en la Axarqu\u00eda, M\u00e1laga, principal zona productora de esta fruta en Espa\u00f1a y Europa, ha comenzado...","og_url":"https:\/\/eurofresh.net\/es\/arranca-la-campana-de-mango-en-eurofresh-malaga\/","og_site_name":"Eurofresh","article_published_time":"2022-09-02T10:21:55+00:00","article_modified_time":"2022-09-02T12:10:49+00:00","og_image":[{"width":2250,"height":1408,"url":"https:\/\/eurofresh.net\/wp-content\/uploads\/Mango_Blog4.jpg","type":"image\/jpeg"}],"author":"Eurofresh","twitter_card":"summary_large_image","twitter_misc":{"Escrito por":"Eurofresh","Tiempo de lectura":"2 minutos"},"schema":{"@context":"https:\/\/schema.org","@graph":[{"@type":"WebPage","@id":"https:\/\/eurofresh.net\/es\/arranca-la-campana-de-mango-en-eurofresh-malaga\/","url":"https:\/\/eurofresh.net\/es\/arranca-la-campana-de-mango-en-eurofresh-malaga\/","name":"Arranca la campa\u00f1a de mango en Eurofresh M\u00e1laga - Eurofresh","isPartOf":{"@id":"https:\/\/eurofresh.net\/#website"},"primaryImageOfPage":{"@id":"https:\/\/eurofresh.net\/es\/arranca-la-campana-de-mango-en-eurofresh-malaga\/#primaryimage"},"image":{"@id":"https:\/\/eurofresh.net\/es\/arranca-la-campana-de-mango-en-eurofresh-malaga\/#primaryimage"},"thumbnailUrl":"https:\/\/eurofresh.net\/wp-content\/uploads\/Mango_Blog4.jpg","datePublished":"2022-09-02T10:21:55+00:00","dateModified":"2022-09-02T12:10:49+00:00","author":{"@id":"https:\/\/eurofresh.net\/#\/schema\/person\/baae0f4011ee4c2a2cbd2a6aa930efe3"},"breadcrumb":{"@id":"https:\/\/eurofresh.net\/es\/arranca-la-campana-de-mango-en-eurofresh-malaga\/#breadcrumb"},"inLanguage":"es","potentialAction":[{"@type":"ReadAction","target":["https:\/\/eurofresh.net\/es\/arranca-la-campana-de-mango-en-eurofresh-malaga\/"]}]},{"@type":"ImageObject","inLanguage":"es","@id":"https:\/\/eurofresh.net\/es\/arranca-la-campana-de-mango-en-eurofresh-malaga\/#primaryimage","url":"https:\/\/eurofresh.net\/wp-content\/uploads\/Mango_Blog4.jpg","contentUrl":"https:\/\/eurofresh.net\/wp-content\/uploads\/Mango_Blog4.jpg","width":2250,"height":1408,"caption":"Arranca la campa\u00f1a de mango en Eurofresh M\u00e1laga"},{"@type":"BreadcrumbList","@id":"https:\/\/eurofresh.net\/es\/arranca-la-campana-de-mango-en-eurofresh-malaga\/#breadcrumb","itemListElement":[{"@type":"ListItem","position":1,"name":"Portada","item":"https:\/\/eurofresh.net\/es\/"},{"@type":"ListItem","position":2,"name":"Arranca la campa\u00f1a de mango en Eurofresh M\u00e1laga"}]},{"@type":"WebSite","@id":"https:\/\/eurofresh.net\/#website","url":"https:\/\/eurofresh.net\/","name":"Eurofresh","description":"Eurofresh - Productores de Aguacate Organico 100%, Mango, Curcuma y Jengibre","potentialAction":[{"@type":"SearchAction","target":{"@type":"EntryPoint","urlTemplate":"https:\/\/eurofresh.net\/?s={search_term_string}"},"query-input":{"@type":"PropertyValueSpecification","valueRequired":true,"valueName":"search_term_string"}}],"inLanguage":"es"},{"@type":"Person","@id":"https:\/\/eurofresh.net\/#\/schema\/person\/baae0f4011ee4c2a2cbd2a6aa930efe3","name":"Eurofresh","image":{"@type":"ImageObject","inLanguage":"es","@id":"https:\/\/eurofresh.net\/#\/schema\/person\/image\/","url":"https:\/\/secure.gravatar.com\/avatar\/5a04cf2f8275d8b5ac78b4ea5113f1ea5db6044ba3ad52c96a4d429bd7173892?s=96&d=mm&r=g","contentUrl":"https:\/\/secure.gravatar.com\/avatar\/5a04cf2f8275d8b5ac78b4ea5113f1ea5db6044ba3ad52c96a4d429bd7173892?s=96&d=mm&r=g","caption":"Eurofresh"}}]}},"rttpg_featured_image_url":{"full":["https:\/\/eurofresh.net\/wp-content\/uploads\/Mango_Blog4.jpg",2250,1408,false],"landscape":["https:\/\/eurofresh.net\/wp-content\/uploads\/Mango_Blog4.jpg",2250,1408,false],"portraits":["https:\/\/eurofresh.net\/wp-content\/uploads\/Mango_Blog4.jpg",2250,1408,false],"thumbnail":["https:\/\/eurofresh.net\/wp-content\/uploads\/Mango_Blog4-150x150.jpg",150,150,true],"medium":["https:\/\/eurofresh.net\/wp-content\/uploads\/Mango_Blog4-300x188.jpg",300,188,true],"large":["https:\/\/eurofresh.net\/wp-content\/uploads\/Mango_Blog4-1024x641.jpg",640,401,true],"1536x1536":["https:\/\/eurofresh.net\/wp-content\/uploads\/Mango_Blog4-1536x961.jpg",1536,961,true],"2048x2048":["https:\/\/eurofresh.net\/wp-content\/uploads\/Mango_Blog4-2048x1282.jpg",2048,1282,true],"admin-thumb":["https:\/\/eurofresh.net\/wp-content\/uploads\/Mango_Blog4-75x75.jpg",75,75,true],"post-thumbnail":["https:\/\/eurofresh.net\/wp-content\/uploads\/Mango_Blog4-125x125.jpg",125,125,true]},"rttpg_author":{"display_name":"Eurofresh","author_link":"https:\/\/eurofresh.net\/es\/author\/briocomadm\/"},"rttpg_comment":0,"rttpg_category":"<a href=\"https:\/\/eurofresh.net\/es\/category\/produccion\/\" rel=\"category tag\">Producci\u00f3n<\/a> <a href=\"https:\/\/eurofresh.net\/es\/category\/sector\/\" rel=\"category tag\">Sector<\/a>","rttpg_excerpt":"La campa\u00f1a de mango en la Axarqu\u00eda, M\u00e1laga, principal zona productora de esta fruta en Espa\u00f1a y Europa, ha comenzado...","_links":{"self":[{"href":"https:\/\/eurofresh.net\/es\/wp-json\/wp\/v2\/posts\/724","targetHints":{"allow":["GET"]}}],"collection":[{"href":"https:\/\/eurofresh.net\/es\/wp-json\/wp\/v2\/posts"}],"about":[{"href":"https:\/\/eurofresh.net\/es\/wp-json\/wp\/v2\/types\/post"}],"author":[{"embeddable":true,"href":"https:\/\/eurofresh.net\/es\/wp-json\/wp\/v2\/users\/9"}],"replies":[{"embeddable":true,"href":"https:\/\/eurofresh.net\/es\/wp-json\/wp\/v2\/comments?post=724"}],"version-history":[{"count":9,"href":"https:\/\/eurofresh.net\/es\/wp-json\/wp\/v2\/posts\/724\/revisions"}],"predecessor-version":[{"id":774,"href":"https:\/\/eurofresh.net\/es\/wp-json\/wp\/v2\/posts\/724\/revisions\/774"}],"wp:featuredmedia":[{"embeddable":true,"href":"https:\/\/eurofresh.net\/es\/wp-json\/wp\/v2\/media\/770"}],"wp:attachment":[{"href":"https:\/\/eurofresh.net\/es\/wp-json\/wp\/v2\/media?parent=724"}],"wp:term":[{"taxonomy":"category","embeddable":true,"href":"https:\/\/eurofresh.net\/es\/wp-json\/wp\/v2\/categories?post=724"},{"taxonomy":"post_tag","embeddable":true,"href":"https:\/\/eurofresh.net\/es\/wp-json\/wp\/v2\/tags?post=724"}],"curies":[{"name":"wp","href":"https:\/\/api.w.org\/{rel}","templated":true}]}}